{"id":2575,"date":"2025-05-30T12:33:05","date_gmt":"2025-05-30T10:33:05","guid":{"rendered":"https:\/\/vojvodjanske.rs\/?p=2575"},"modified":"2025-06-21T17:14:23","modified_gmt":"2025-06-21T15:14:23","slug":"festival-pogranicja-u-subotici","status":"publish","type":"post","link":"https:\/\/vojvodjanske.rs\/?p=2575","title":{"rendered":"FESTIVAL POGRANI\u010cJA U SUBOTICI"},"content":{"rendered":"<p><span style=\"font-size: 14pt;color: #000000\">Kulturni centar Klara i Rosa u Subotici ima \u010dast da ugosti Festival pograni\u010dja iz Poljske, koji \u0107e se odr\u017eati u nedelju i ponedeljak, 1. i 2. juna.\u00a0Ovaj doga\u0111aj donosi bogat program koji slavi multikulturalnost, umetnost i obrazovanje.<\/span><\/p>\n<h3><span style=\"font-size: 14pt;color: #000000\"><strong>Nedelja, 1. jun u 20:00 \u2013 Koncert Klezmer orkestra Pozori\u0161ta iz Sejna<\/strong><\/span><\/h3>\n<p><span style=\"font-size: 14pt;color: #000000\">Ve\u010de otvaramo koncertom Klezmer orkestra Pozori\u0161ta iz Sejna, ansambla koji okuplja mlade muzi\u010dare povezane sa Fondacijom Pogranicze.\u00a0Orkestar je poznat po izvo\u0111enju klezmer i hasidske muzike, \u010dime o\u017eivljava bogatu jevrejsku muzi\u010dku tradiciju Isto\u010dne Evrope.\u00a0Njihove nastupe karakteri\u0161u energi\u010dni aran\u017emani i duboka emotivna izra\u017eajnost, \u0161to ih \u010dini jedinstvenim na muzi\u010dkoj sceni.<\/span><\/p>\n<h3><span style=\"font-size: 14pt;color: #000000\"><strong>Ponedeljak, 2. jun<\/strong><\/span><\/h3>\n<ul>\n<li><span style=\"font-size: 14pt;color: #000000\"><strong>13:00\u201314:30<\/strong>\u2013 Radionica za edukatore:\u00a0<em>Azbuka pograni\u010dja<\/em><\/span><br \/>\n<span style=\"font-size: 14pt;color: #000000\">Radionica namenjena edukatorima fokusira se na metode interkulturnog obrazovanja, inspirisane vi\u0161egodi\u0161njim iskustvom Fondacije Pogranicze u radu sa mladima.<\/span><\/li>\n<li><span style=\"font-size: 14pt;color: #000000\"><strong>20:00<\/strong>\u2013 Pozori\u0161na predstava:\u00a0<em>Hronike Sejna<\/em><\/span><br \/>\n<span style=\"font-size: 14pt;color: #000000\">Predstava\u00a0<em>Hronike Sejna<\/em>\u00a0donosi na scenu pri\u010de i se\u0107anja iz Sejna, grada na severoistoku Poljske, poznatog po svojoj multikulturalnoj istoriji.\u00a0Kroz kombinaciju dokumentarnog i umetni\u010dkog izraza, predstava istra\u017euje slo\u017eene identitete i zajedni\u010dku pro\u0161lost razli\u010ditih zajednica.<\/span><\/li>\n<\/ul>\n<ul>\n<li><span style=\"font-size: 14pt;color: #000000\">Nakon predstave, bi\u0107e prikazani animirani filmovi nastali tokom posete, koji reflektuju teme identiteta, zajedni\u0161tva i kulturne raznolikosti.<\/span><\/li>\n<\/ul>\n<p><span style=\"font-size: 14pt;color: #000000\">Festival pograni\u010dja pru\u017ea jedinstvenu priliku da se upoznamo sa bogatom kulturnom ba\u0161tinom Sejna i da kroz umetnost i dijalog produbimo razumevanje me\u0111u zajednicama.\u00a0Ulaz na sve programe je slobodan.<\/span><\/p>\n<p><span style=\"font-size: 14pt;color: #000000\">Izvor: <a style=\"color: #000000\" href=\"https:\/\/www.subotica.info\/\">subotica.info<\/a><\/span><\/p>\n","protected":false},"excerpt":{"rendered":"<p>Kulturni centar Klara i Rosa u Subotici ima \u010dast da ugosti Festival pograni\u010dja iz Poljske, koji \u0107e se odr\u017eati u nedelju i ponedeljak, 1. i&hellip; <\/p>\n","protected":false},"author":2,"featured_media":2576,"comment_status":"closed","ping_status":"closed","sticky":false,"template":"","format":"standard","meta":{"_jetpack_memberships_contains_paid_content":false,"footnotes":"","jetpack_publicize_message":"","jetpack_publicize_feature_enabled":true,"jetpack_social_post_already_shared":false,"jetpack_social_options":{"image_generator_settings":{"template":"highway","default_image_id":0,"font":"","enabled":false},"version":2}},"categories":[16],"tags":[134],"class_list":["post-2575","post","type-post","status-publish","format-standard","has-post-thumbnail","hentry","category-kultura","tag-134"],"jetpack_publicize_connections":[],"jetpack_featured_media_url":"https:\/\/vojvodjanske.rs\/wp-content\/uploads\/2025\/05\/suinfo-mapa_online.jpg","jetpack_sharing_enabled":true,"_links":{"self":[{"href":"https:\/\/vojvodjanske.rs\/index.php?rest_route=\/wp\/v2\/posts\/2575","targetHints":{"allow":["GET"]}}],"collection":[{"href":"https:\/\/vojvodjanske.rs\/index.php?rest_route=\/wp\/v2\/posts"}],"about":[{"href":"https:\/\/vojvodjanske.rs\/index.php?rest_route=\/wp\/v2\/types\/post"}],"author":[{"embeddable":true,"href":"https:\/\/vojvodjanske.rs\/index.php?rest_route=\/wp\/v2\/users\/2"}],"replies":[{"embeddable":true,"href":"https:\/\/vojvodjanske.rs\/index.php?rest_route=%2Fwp%2Fv2%2Fcomments&post=2575"}],"version-history":[{"count":1,"href":"https:\/\/vojvodjanske.rs\/index.php?rest_route=\/wp\/v2\/posts\/2575\/revisions"}],"predecessor-version":[{"id":2577,"href":"https:\/\/vojvodjanske.rs\/index.php?rest_route=\/wp\/v2\/posts\/2575\/revisions\/2577"}],"wp:featuredmedia":[{"embeddable":true,"href":"https:\/\/vojvodjanske.rs\/index.php?rest_route=\/wp\/v2\/media\/2576"}],"wp:attachment":[{"href":"https:\/\/vojvodjanske.rs\/index.php?rest_route=%2Fwp%2Fv2%2Fmedia&parent=2575"}],"wp:term":[{"taxonomy":"category","embeddable":true,"href":"https:\/\/vojvodjanske.rs\/index.php?rest_route=%2Fwp%2Fv2%2Fcategories&post=2575"},{"taxonomy":"post_tag","embeddable":true,"href":"https:\/\/vojvodjanske.rs\/index.php?rest_route=%2Fwp%2Fv2%2Ftags&post=2575"}],"curies":[{"name":"wp","href":"https:\/\/api.w.org\/{rel}","templated":true}]}}