{"id":2967,"date":"2025-06-23T07:56:05","date_gmt":"2025-06-23T05:56:05","guid":{"rendered":"https:\/\/vojvodjanske.rs\/?p=2967"},"modified":"2025-07-15T12:12:54","modified_gmt":"2025-07-15T10:12:54","slug":"bitka-za-drzavu-ne-vodi-se-na-ullici-vec-kroz-odgovornost-u-susret-vidovdanu-2025","status":"publish","type":"post","link":"https:\/\/vojvodjanske.rs\/?p=2967","title":{"rendered":"BITKA ZA DR\u017dAVU NE VODI SE NA ULICI VE\u0106 KROZ ODGOVORNOST &#8211; U SUSRET VIDOVDANU 2025."},"content":{"rendered":"<p><span style=\"font-size: 14pt; color: #000000;\">Vidovdan, jedan od najemotivnijih i najsimboli\u010dnijih datuma u srpskoj istoriji, ove godine ponovo je postao pozornica dru\u0161tvenih previranja. Iako studentski protesti zakazani za 28. jun 2025. po\u010divaju na (ne) formalnim zahtevima za obrazovnu i dru\u0161tvenu reformu, \u010dinjenica da se oni organizuju upravo na Vidovdan, uz upotrebu sna\u017ene istorijske i ideolo\u0161ke simbolike, nosi u sebi vi\u0161eslojan rizik.<\/span><\/p>\n<p><span style=\"font-size: 14pt; color: #000000;\">U aktuelnim okolnostima najavljeni protesti mogu prerasti u \u0161iru destabilizaciju i ru\u0161ila\u010dki bunt protv dr\u017eavnog sistema, naro\u010dito ukoliko se njima manipuli\u0161e iznutra ili spolja. U ovom tekstu predstavi\u0107u li\u010dnu analizu i blagu strepnju klju\u010dnih bezbednosnih i politi\u010dkih rizika, kao i potencijalne posledice po institucije, ekonomiju i dru\u0161tveni poredak Srbije.<\/span><\/p>\n<p><span style=\"font-size: 14pt; color: #000000;\">\u00a0Opasnost od podrivanja dr\u017eavnog sistema<\/span><\/p>\n<p><span style=\"font-size: 14pt; color: #000000;\">Iza naizgled spontanih protesta, bez obzira na karakter namera u\u010desnika, mo\u017ee se krila strate\u0161ka i organizovana aktivnost pojedinih aktera koji imaju za cilj da oslabe ili uru\u0161e dr\u017eavne institucije.<\/span><\/p>\n<p><span style=\"font-size: 14pt; color: #000000;\">Identifikovani rizici:<\/span><\/p>\n<p><span style=\"font-size: 14pt; color: #000000;\">*Svesno instrumentalizovanje protesta kako bi se delegitimizovao parlament, vlada i pravosu\u0111e.<\/span><\/p>\n<p><span style=\"font-size: 14pt; color: #000000;\">*Poku\u0161aji da se simboli\u010dki, ali i fizi\u010dki, podriju stubovi dr\u017eavnog suvereniteta, uklju\u010duju\u0107i medije, univerzitete i bezbednosni sektor.<\/span><\/p>\n<p><span style=\"font-size: 14pt; color: #000000;\">*Ume\u0161anost antidr\u017eavnih elemenata iz zemlje i inostranstva, uklju\u010duju\u0107i politi\u010dke lobije, strane fondacije i prikrivene aktiviste \u010diji cilj nije reforma ve\u0107 haos.<\/span><\/p>\n<p><span style=\"font-size: 14pt; color: #000000;\">\u00a0*Protesti, ako se njima ne upravlja odgovorno, mogu postati poligon za meke oblike dr\u017eavnog udara \u2014 putem dru\u0161tvenog pritiska, delegitimizacije i simboli\u010dkog nasilja nad institucijama.<\/span><\/p>\n<p><span style=\"font-size: 14pt; color: #000000;\">\u00a0Psiholo\u0161ki aspekt: Simbolizam i emocionalni trans<\/span><\/p>\n<p><span style=\"font-size: 14pt; color: #000000;\">Vidovdan aktivira duboke slojeve kolektivnog nesvesnog \u2014 pri\u010de o herojstvu, izdaji i ve\u010dnom otporu. Takvi narativi mogu stvoriti masovnu iracionalnost i ose\u0107aj \u201eistorijskog poziva\u201c, \u0161to zna\u010dajno ote\u017eava racionalni dijalog i kompromis.<\/span><\/p>\n<p><span style=\"font-size: 14pt; color: #000000;\">\u00a0\u201eNarod koji ne zna da zaboravi pretrpljene rane osu\u0111en je da ih ponavlja\u201c \u2014 upozoravaju savremeni istori\u010dari kolektivnog pam\u0107enja.<\/span><\/p>\n<p><span style=\"font-size: 14pt; color: #000000;\">\u00a0Mogu\u0107e negativne posledice:<\/span><\/p>\n<p><span style=\"font-size: 14pt; color: #000000;\">* Uru\u0161avanje institucionalnog sistema<\/span><\/p>\n<p><span style=\"font-size: 14pt; color: #000000;\">*Gubitak poverenja u institucije, zakone i demokratski proces.<\/span><\/p>\n<p><span style=\"font-size: 14pt; color: #000000;\">*Stvaranje anarhi\u010dnih modela delovanja van ustavnog poretka.<\/span><\/p>\n<p><span style=\"font-size: 14pt; color: #000000;\">\u00a0*Ekonomski udar<\/span><\/p>\n<p><span style=\"font-size: 14pt; color: #000000;\">Povla\u010denje investitora, pad dinara, porast nezaposlenosti.<\/span><\/p>\n<p><span style=\"font-size: 14pt; color: #000000;\">Gubitak me\u0111unarodnih projekata i ugovora.<\/span><\/p>\n<p><span style=\"font-size: 14pt; color: #000000;\">* Geopoliti\u010dka nestabilnost<\/span><\/p>\n<p><span style=\"font-size: 14pt; color: #000000;\">Strane sile koriste proteste za ja\u010danje svojih interesa.<\/span><\/p>\n<p><span style=\"font-size: 14pt; color: #000000;\">Pritisci na Srbiju da menja spoljnopoliti\u010dke prioritete.<\/span><\/p>\n<p><span style=\"font-size: 14pt; color: #000000;\">\u00a0Preporuke za donosioce odluka:<\/span><\/p>\n<ol>\n<li><span style=\"font-size: 14pt; color: #000000;\">Hitno uspostaviti formalni dijalog sa studentskim predstavnicima, van politi\u010dkih manipulacija.<\/span><\/li>\n<\/ol>\n<ol start=\"2\">\n<li><span style=\"font-size: 14pt; color: #000000;\">Pratiti i neutralisati sumnjive spoljne uticaje \u2013 obave\u0161tajne, finansijske i medijske.<\/span><\/li>\n<\/ol>\n<ol start=\"3\">\n<li><span style=\"font-size: 14pt; color: #000000;\">O\u010duvati ustavni poredak, ali uz uzdr\u017eanu primenu sile.<\/span><\/li>\n<\/ol>\n<ol start=\"4\">\n<li><span style=\"font-size: 14pt; color: #000000;\">Transparentno informisati javnost, boriti se protiv dezinformacija.<\/span><\/li>\n<\/ol>\n<p><span style=\"font-size: 14pt; color: #000000;\">Zaklju\u010dak: Bitka za dr\u017eavu ne vodi se na ulici\u00a0<\/span><\/p>\n<p><span style=\"font-size: 14pt; color: #000000;\">Vidovdanski protesti u 2025. godini podse\u0107aju nas da je istorija Srbije \u010desto oblikovana u kriznim trenucima. Me\u0111utim, dana\u0161nja Srbija mora se osloniti na ustav, institucije i racionalan dijalog, a ne na mitologizovane impulse pro\u0161losti. U protivnom, rizikujemo:<\/span><\/p>\n<p><span style=\"font-size: 14pt; color: #000000;\">*uru\u0161avanje sistema,<\/span><\/p>\n<p><span style=\"font-size: 14pt; color: #000000;\">*paralizu dr\u017eave,<\/span><\/p>\n<p><span style=\"font-size: 14pt; color: #000000;\">*socijalni haos,<\/span><\/p>\n<p><span style=\"font-size: 14pt; color: #000000;\">i gubitak politi\u010dkog i ekonomskog suvereniteta.<\/span><\/p>\n<p><span style=\"font-size: 14pt; color: #000000;\">Ako se ovom talasu nezadovoljstva pristupi neodgovorno \u2013 ili ako se prepusti onima koji rade protiv interesa Srbije, uz primenu nasilja,blokada,opstrukcija, posledice mogu biti nepopravljive i razaraju\u0107e na svim poljima.<\/span><\/p>\n<p>foto: Pixabay<\/p>\n","protected":false},"excerpt":{"rendered":"<p>Vidovdan, jedan od najemotivnijih i najsimboli\u010dnijih datuma u srpskoj istoriji, ove godine ponovo je postao pozornica dru\u0161tvenih previranja. Iako studentski protesti zakazani za 28. jun&hellip; <\/p>\n","protected":false},"author":1,"featured_media":2968,"comment_status":"closed","ping_status":"closed","sticky":false,"template":"","format":"standard","meta":{"_jetpack_memberships_contains_paid_content":false,"footnotes":"","jetpack_publicize_message":"","jetpack_publicize_feature_enabled":true,"jetpack_social_post_already_shared":false,"jetpack_social_options":{"image_generator_settings":{"template":"highway","default_image_id":0,"font":"","enabled":false},"version":2}},"categories":[8],"tags":[193],"class_list":["post-2967","post","type-post","status-publish","format-standard","has-post-thumbnail","hentry","category-drustvo","tag-dr-pavle-pocuc"],"jetpack_publicize_connections":[],"jetpack_featured_media_url":"https:\/\/vojvodjanske.rs\/wp-content\/uploads\/2025\/06\/1000061408.jpg","jetpack_sharing_enabled":true,"_links":{"self":[{"href":"https:\/\/vojvodjanske.rs\/index.php?rest_route=\/wp\/v2\/posts\/2967","targetHints":{"allow":["GET"]}}],"collection":[{"href":"https:\/\/vojvodjanske.rs\/index.php?rest_route=\/wp\/v2\/posts"}],"about":[{"href":"https:\/\/vojvodjanske.rs\/index.php?rest_route=\/wp\/v2\/types\/post"}],"author":[{"embeddable":true,"href":"https:\/\/vojvodjanske.rs\/index.php?rest_route=\/wp\/v2\/users\/1"}],"replies":[{"embeddable":true,"href":"https:\/\/vojvodjanske.rs\/index.php?rest_route=%2Fwp%2Fv2%2Fcomments&post=2967"}],"version-history":[{"count":2,"href":"https:\/\/vojvodjanske.rs\/index.php?rest_route=\/wp\/v2\/posts\/2967\/revisions"}],"predecessor-version":[{"id":2991,"href":"https:\/\/vojvodjanske.rs\/index.php?rest_route=\/wp\/v2\/posts\/2967\/revisions\/2991"}],"wp:featuredmedia":[{"embeddable":true,"href":"https:\/\/vojvodjanske.rs\/index.php?rest_route=\/wp\/v2\/media\/2968"}],"wp:attachment":[{"href":"https:\/\/vojvodjanske.rs\/index.php?rest_route=%2Fwp%2Fv2%2Fmedia&parent=2967"}],"wp:term":[{"taxonomy":"category","embeddable":true,"href":"https:\/\/vojvodjanske.rs\/index.php?rest_route=%2Fwp%2Fv2%2Fcategories&post=2967"},{"taxonomy":"post_tag","embeddable":true,"href":"https:\/\/vojvodjanske.rs\/index.php?rest_route=%2Fwp%2Fv2%2Ftags&post=2967"}],"curies":[{"name":"wp","href":"https:\/\/api.w.org\/{rel}","templated":true}]}}