{"id":4730,"date":"2025-10-04T14:15:58","date_gmt":"2025-10-04T12:15:58","guid":{"rendered":"https:\/\/vojvodjanske.rs\/?p=4730"},"modified":"2025-10-05T09:57:49","modified_gmt":"2025-10-05T07:57:49","slug":"karmeli-kurtovic-nagrada-za-balkansku-spijunku","status":"publish","type":"post","link":"https:\/\/vojvodjanske.rs\/?p=4730","title":{"rendered":"KARMELI KURTOVI\u0106 NAGRADA ZA BALKANSKU \u0160PIJUNKU"},"content":{"rendered":"<p><span style=\"font-size: 14pt;color: #000000\">Na upravo zavr\u0161enom 9.festivalu amaterskih pozori\u0161ta \u201e\u0160tap i kanap\u201c, (\u0160iK) u Velikom Gradi\u0161tu, glumica Karmela Kurtovi\u0107 je osvojila nagradu za karakternu ulogu &#8222;Dafina \u0110or\u0111evi\u0107&#8220; u predstavi &#8222;Balkanska \u0161pijunka&#8220; gde je maestralno odigrala ulogu Ilinke \u010cvorovi\u0107 u izvo\u0111enju Na\u0161eg pozori\u0161ta &#8222;Beli \u0161tap i kanap&#8220; iz Subotice. \u010cestitamo! Ina\u010de ovo je bio prvi takmi\u010darski festival na kome je &#8222;Na\u0161e pozori\u0161te&#8220; u\u010destvovalo sa jo\u0161 deset predstava a konkurisalo je 31 pozori\u0161te i udru\u017eenje. Zbog toga je i ova nagrada utoliko sla\u0111a. Mi idemo dalje.<\/span><\/p>\n<p><span style=\"font-size: 14pt;color: #000000\">Gluma\u010dki ansambl bio je u sastavu: Karmela Kurtovi\u0107, Ivica Antolovi\u0107, Marina Gencel,Tajana Bulaji\u0107, Marica Kova\u010devi\u0107, Radica Stoj\u010devska, Narcis Sudarevi\u0107, Goran Milakovi\u0107 i Dragan \u0160imi\u0107. Grafoskop: Ema Trifkovi\u0107<\/span><\/p>\n<p><span style=\"font-size: 14pt;color: #000000\">Izvor: <a style=\"color: #000000\" href=\"https:\/\/www.subotica.info\/\">subotica.info<\/a><\/span><\/p>\n","protected":false},"excerpt":{"rendered":"<p>Na upravo zavr\u0161enom 9.festivalu amaterskih pozori\u0161ta \u201e\u0160tap i kanap\u201c, (\u0160iK) u Velikom Gradi\u0161tu, glumica Karmela Kurtovi\u0107 je osvojila nagradu za karakternu ulogu &#8222;Dafina \u0110or\u0111evi\u0107&#8220; u&hellip; <\/p>\n","protected":false},"author":2,"featured_media":4731,"comment_status":"closed","ping_status":"closed","sticky":false,"template":"","format":"standard","meta":{"_jetpack_memberships_contains_paid_content":false,"footnotes":"","jetpack_publicize_message":"","jetpack_publicize_feature_enabled":true,"jetpack_social_post_already_shared":true,"jetpack_social_options":{"image_generator_settings":{"template":"highway","default_image_id":0,"font":"","enabled":false},"version":2}},"categories":[18,16],"tags":[275],"class_list":["post-4730","post","type-post","status-publish","format-standard","has-post-thumbnail","hentry","category-istaknuto","category-kultura","tag-nase-pozoriste-beli-stap-i-kanap"],"jetpack_publicize_connections":[],"jetpack_featured_media_url":"https:\/\/vojvodjanske.rs\/wp-content\/uploads\/2025\/10\/suinfo-nagrada.jpg","jetpack_sharing_enabled":true,"_links":{"self":[{"href":"https:\/\/vojvodjanske.rs\/index.php?rest_route=\/wp\/v2\/posts\/4730","targetHints":{"allow":["GET"]}}],"collection":[{"href":"https:\/\/vojvodjanske.rs\/index.php?rest_route=\/wp\/v2\/posts"}],"about":[{"href":"https:\/\/vojvodjanske.rs\/index.php?rest_route=\/wp\/v2\/types\/post"}],"author":[{"embeddable":true,"href":"https:\/\/vojvodjanske.rs\/index.php?rest_route=\/wp\/v2\/users\/2"}],"replies":[{"embeddable":true,"href":"https:\/\/vojvodjanske.rs\/index.php?rest_route=%2Fwp%2Fv2%2Fcomments&post=4730"}],"version-history":[{"count":1,"href":"https:\/\/vojvodjanske.rs\/index.php?rest_route=\/wp\/v2\/posts\/4730\/revisions"}],"predecessor-version":[{"id":4732,"href":"https:\/\/vojvodjanske.rs\/index.php?rest_route=\/wp\/v2\/posts\/4730\/revisions\/4732"}],"wp:featuredmedia":[{"embeddable":true,"href":"https:\/\/vojvodjanske.rs\/index.php?rest_route=\/wp\/v2\/media\/4731"}],"wp:attachment":[{"href":"https:\/\/vojvodjanske.rs\/index.php?rest_route=%2Fwp%2Fv2%2Fmedia&parent=4730"}],"wp:term":[{"taxonomy":"category","embeddable":true,"href":"https:\/\/vojvodjanske.rs\/index.php?rest_route=%2Fwp%2Fv2%2Fcategories&post=4730"},{"taxonomy":"post_tag","embeddable":true,"href":"https:\/\/vojvodjanske.rs\/index.php?rest_route=%2Fwp%2Fv2%2Ftags&post=4730"}],"curies":[{"name":"wp","href":"https:\/\/api.w.org\/{rel}","templated":true}]}}