{"id":5876,"date":"2025-12-17T15:15:36","date_gmt":"2025-12-17T14:15:36","guid":{"rendered":"https:\/\/vojvodjanske.rs\/?p=5876"},"modified":"2025-12-17T15:15:36","modified_gmt":"2025-12-17T14:15:36","slug":"prijem-za-sampione-srbije-i-sveta-u-gradskoj-kuci-subotice","status":"publish","type":"post","link":"https:\/\/vojvodjanske.rs\/?p=5876","title":{"rendered":"PRIJEM ZA \u0160AMPIONE SRBIJE I SVETA U GRADSKOJ KU\u0106I SUBOTICE"},"content":{"rendered":"<p><span style=\"font-size: 14pt\">Gradski menad\u017eer i pomo\u0107nica gradona\u010delnika <strong>Zagorka Pani\u0107<\/strong> sastala se u Plavoj sali Gradske ku\u0107e, sa seniorskim prvacima Srbije u boksu Markom Pi\u017euricom i Veljkom Gligori\u0107em, \u010dlanovima Bokserskog kluba Spartak, omladinskom prvakinjom Srbije u boksu Melindom Uta\u0161i, takmi\u010darkom Kluba borila\u010dkih ve\u0161tina Ultimatfajter Spartak, kao i sa svetskim prvakom u bodi-bildingu Igorom \u0160ikorom, predsednikom i takmi\u010darom Bodi-bilding i fitnes kluba Spartak.<\/span><\/p>\n<p><span style=\"font-size: 14pt\">Uz \u010destitke na sjajnim rezultatima, Zagorka Pani\u0107 je, obra\u0107aju\u0107i se u ime Grada Subotice, gradona\u010delnika Stevana Baki\u0107a i u svoje ime, izme\u0111u ostalog podsetila da su sportisti na\u0161eg grada najbolji ambasadori i promotori Subotice. Naglasila je da \u0107e lokalna samouprava\u00a0u granicama mogu\u0107nosti, nastaviti da pru\u017ea podr\u0161ku suboti\u010dkim sportistima kako bi i u narednom periodu na najbolji mogu\u0107i na\u010din predstavljali svoje sportske kolektive i grad Suboticu.\u00a0<\/span><\/p>\n<p><span style=\"font-size: 14pt\">Na nedavno odr\u017eanom Prvenstvu Srbije u boksu, koje je organizovano u fiskulturnoj sali Tehni\u010dke \u0161kole \u201eIvan Sari\u0107\u201c, Marko Pi\u017eurica, Veljko Gligori\u0107 i Melinda Uta\u0161i osvojili su zlatne medalje, dok je Igor \u0160ikora zlatnu medalju osvojio na Svetskom prvenstvu odr\u017eanom u Saudijskoj Arabiji.<\/span><\/p>\n<p><span style=\"font-size: 14pt\">\u010clanica Gradskog ve\u0107a zadu\u017eena za sport i omladinu <strong>Nata\u0161a Aleksi\u0107<\/strong>, obra\u0107aju\u0107i se medijima, izrazila je zahvalnost sportistima na osvojenim medaljama, kao i Bokserskom klubu Spartak na odli\u010dnoj organizaciji Prvenstva Srbije u boksu. &#8211; \u201e<em>Jo\u0161 jednom se potvrdilo da su suboti\u010dki sportisti jednako uspe\u0161ni, kako na doma\u0107em terenu, tako i na sportskim borili\u0161tima van granica na\u0161e zemlje. Ponosni smo na tri zlatne medalje na\u0161ih boksera osvojene na Prvenstvu Srbije, kao i na uspeh Igora \u0160ikore u Saudijskoj Arabiji, gde je osvojio prvo mesto. Kada se otvore stranice sportske \u0161tampe ili pretra\u017ee sportske rubrike portala, gotovo da nema vikenda koji ne svedo\u010di o uspesima sportista i klubova iz Subotice. Iskreno \u017eelim da tako bude i u godinama koje dolaze\u201c.\u00a0<\/em><\/span><\/p>\n<p><span style=\"font-size: 14pt\"><strong>Marko Pi\u017eurica<\/strong> je nedavno osvojio srebrnu medalju na Evropskom prvenstvu do 23 godine a sada se okitio zlatnom\u00a0medaljom\u00a0na Prvenstvu Srbije\u00a0 &#8211; <em>\u201eZahvaljujem se Gradu Subotici \u0161to nam je obezbedio dobre uslove za rad i nadam se da \u0107e naredna godina biti jo\u0161 uspe\u0161nija<\/em>\u201c.\u00a0<\/span><\/p>\n<p><span style=\"font-size: 14pt\"><strong>Veljku\u00a0Gligori\u0107u<\/strong> je poslednja zlatna medalja na Prvenstvu Srbije ukupno deseta u karijeri. &#8211; \u201ePrvu zlatnu medalju osvojio sam 2014. godine upravo na takmi\u010denju u fiskulturnoj sali Tehni\u010dke \u0161kole \u2018Ivan Sari\u0107\u2019. Sada sam ponovio taj uspeh i drago mi je \u0161to sam se u svom gradu, pred doma\u0107om publikom, predstavio u najboljem svetlu\u201c.\u00a0<\/span><\/p>\n<p><span style=\"font-size: 14pt\"><strong>Melinda Uta\u0161i<\/strong> je na Prvenstvu Srbije u konkurenciji omladinki do 48 kilograma stigla do \u0161ampionske titule. Istakla je da joj je velika motivacija pred ovo prvenstvo bila zlatna medalja osvojena na Me\u0111unarodnom omladinskom turniru <em>\u201eVojvo\u0111anska zlatna rukavica\u201c, koji je krajem avgusta odr\u017ean u Subotici. &#8211; \u201eMedalja sa Zlatne rukavice\u00a0bila mi je velika motivacija. Uz dobre pripreme uspela sam da jo\u0161 jednom pru\u017eim maksimum i postanem prvakinja Srbije. Zahvalna sam treneru i svima koji su me podr\u017eavali na putu do ovog uspeha\u201c<\/em><\/span><\/p>\n<p><span style=\"font-size: 14pt\">Zlatnu medalju na Svetskom\u00a0prvenstvu u bodi bildingu koje je odr\u017eano u Saudijskoj Arabiji osvojio\u00a0je <strong>Igor \u0160ikora<\/strong>. &#8211;<em> \u201ePro\u0161le godine osvojio sam bronzanu medalju na Svetskom prvenstvu u Iranu, a ove godine zlatnu u Saudijskoj Arabiji. Iskoristio bih priliku da pomenem i uspehe na\u0161ih takmi\u010darki na Svetskom prvenstvu za \u017eene u \u0160paniji, gde su ostvareni izuzetni rezultati: Jelena Jan\u010di\u0107 osvojila je prvo mesto, Anja Mio\u010d drugo, dok je Jovana Matovi\u0107 zauzela visoko peto mesto. Zahvaljujem se Gradu Subotici na podr\u0161ci koja traje godinama, a nadamo se da \u0107emo i u budu\u0107nosti donositi nove evropske i svetske medalje\u201c.\u00a0<\/em><\/span><\/p>\n<p><span style=\"font-size: 14pt\">Izvor: <a href=\"https:\/\/www.subotica.info\/\">subotica.info<\/a><\/span><\/p>\n","protected":false},"excerpt":{"rendered":"<p>Gradski menad\u017eer i pomo\u0107nica gradona\u010delnika Zagorka Pani\u0107 sastala se u Plavoj sali Gradske ku\u0107e, sa seniorskim prvacima Srbije u boksu Markom Pi\u017euricom i Veljkom Gligori\u0107em,&hellip; <\/p>\n","protected":false},"author":2,"featured_media":5877,"comment_status":"closed","ping_status":"closed","sticky":false,"template":"","format":"standard","meta":{"_jetpack_memberships_contains_paid_content":false,"footnotes":"","jetpack_publicize_message":"","jetpack_publicize_feature_enabled":true,"jetpack_social_post_already_shared":true,"jetpack_social_options":{"image_generator_settings":{"template":"highway","default_image_id":0,"font":"","enabled":false},"version":2}},"categories":[19],"tags":[134],"class_list":["post-5876","post","type-post","status-publish","format-standard","has-post-thumbnail","hentry","category-sport","tag-134"],"jetpack_publicize_connections":[],"jetpack_featured_media_url":"https:\/\/vojvodjanske.rs\/wp-content\/uploads\/2025\/12\/suinfo-prijem.jpg","jetpack_sharing_enabled":true,"_links":{"self":[{"href":"https:\/\/vojvodjanske.rs\/index.php?rest_route=\/wp\/v2\/posts\/5876","targetHints":{"allow":["GET"]}}],"collection":[{"href":"https:\/\/vojvodjanske.rs\/index.php?rest_route=\/wp\/v2\/posts"}],"about":[{"href":"https:\/\/vojvodjanske.rs\/index.php?rest_route=\/wp\/v2\/types\/post"}],"author":[{"embeddable":true,"href":"https:\/\/vojvodjanske.rs\/index.php?rest_route=\/wp\/v2\/users\/2"}],"replies":[{"embeddable":true,"href":"https:\/\/vojvodjanske.rs\/index.php?rest_route=%2Fwp%2Fv2%2Fcomments&post=5876"}],"version-history":[{"count":1,"href":"https:\/\/vojvodjanske.rs\/index.php?rest_route=\/wp\/v2\/posts\/5876\/revisions"}],"predecessor-version":[{"id":5878,"href":"https:\/\/vojvodjanske.rs\/index.php?rest_route=\/wp\/v2\/posts\/5876\/revisions\/5878"}],"wp:featuredmedia":[{"embeddable":true,"href":"https:\/\/vojvodjanske.rs\/index.php?rest_route=\/wp\/v2\/media\/5877"}],"wp:attachment":[{"href":"https:\/\/vojvodjanske.rs\/index.php?rest_route=%2Fwp%2Fv2%2Fmedia&parent=5876"}],"wp:term":[{"taxonomy":"category","embeddable":true,"href":"https:\/\/vojvodjanske.rs\/index.php?rest_route=%2Fwp%2Fv2%2Fcategories&post=5876"},{"taxonomy":"post_tag","embeddable":true,"href":"https:\/\/vojvodjanske.rs\/index.php?rest_route=%2Fwp%2Fv2%2Ftags&post=5876"}],"curies":[{"name":"wp","href":"https:\/\/api.w.org\/{rel}","templated":true}]}}