{"id":6937,"date":"2026-03-05T09:35:01","date_gmt":"2026-03-05T08:35:01","guid":{"rendered":"https:\/\/vojvodjanske.rs\/?p=6937"},"modified":"2026-03-05T09:35:01","modified_gmt":"2026-03-05T08:35:01","slug":"novi-sad-evropska-prestonica-sporta-2026-grad-koji-je-pretvorio-energiju-u-pobede","status":"publish","type":"post","link":"https:\/\/vojvodjanske.rs\/?p=6937","title":{"rendered":"NOVI SAD \u2013 EVROPSKA PRESTONICA SPORTA 2026: GRAD KOJI JE PRETVORIO ENERGIJU U POBEDE"},"content":{"rendered":"<p><span style=\"font-size: 14pt; color: #000000;\">Postoje gradovi koji govore o sportu \u2013 i postoje gradovi koji sport zaista \u017eive. Novi Sad danas nesumnjivo pripada ovoj drugoj kategoriji. Titula Evropskog grada sporta za 2026. godinu nije samo presti\u017eno priznanje, ve\u0107 potvrda jednog dugoro\u010dnog procesa u kojem je sport postao deo identiteta grada.<\/span><\/p>\n<p><span style=\"font-size: 14pt; color: #000000;\">U poslednjih desetak godina Novi Sad je pokazao kako izgleda kada se razvoj planira strate\u0161ki. Grad danas ima vi\u0161e od 1.000 sportskih klubova i organizacija, dok se sportskim aktivnostima bavi oko 134.000 gra\u0111ana \u2013 profesionalno ili rekreativno. Tokom godine u Novom Sadu se organizuje vi\u0161e od 200 sportskih doga\u0111aja, od lokalnih turnira do velikih me\u0111unarodnih takmi\u010denja.<\/span><\/p>\n<p><span style=\"font-size: 14pt; color: #000000;\">Takvi rezultati nisu slu\u010dajni. U protekloj deceniji u sportsku infrastrukturu \u2013 stadione, hale, terene i sportske centre \u2013 ulo\u017eeno je vi\u0161e od 35 miliona evra, \u010dime su stvoreni uslovi za razvoj sporta na svim nivoima, od \u0161kolskog i rekreativnog do vrhunskog profesionalnog sporta.<\/span><\/p>\n<p><span style=\"font-size: 14pt; color: #000000;\">Novi Sad danas nije samo grad klubova i medalja. On je grad sportskih doga\u0111aja, me\u0111unarodnih prvenstava i mladih talenata. Dunavski kej, sportski centri i gradski parkovi svakodnevno su ispunjeni ljudima koji tr\u010de, treniraju i pomeraju sopstvene granice. Ta slika govori vi\u0161e od svake statistike \u2013 sport je postao deo svakodnevne kulture \u017eivljenja.<\/span><\/p>\n<p><span style=\"font-size: 14pt; color: #000000;\">Evropska titula dolazi u trenutku kada Novi Sad ve\u0107 ima iskustvo velikih me\u0111unarodnih priznanja. Nakon titula Evropske prestonice mladih 2019. i Evropske prestonice kulture 2022., grad sada dobija jo\u0161 jedno evropsko priznanje. To pokazuje da Novi Sad nije grad jednog projekta ili jedne godine, ve\u0107 grad kontinuiteta razvoja.<\/span><\/p>\n<p><span style=\"font-size: 14pt; color: #000000;\">Posebna vrednost sportskog razvoja Novog Sada jeste njegova otvorenost. Sport u ovom gradu nije rezervisan samo za profesionalce. On pripada deci u \u0161kolama, studentima, rekreativcima, ali i osobama sa invaliditetom kroz sve razvijenije programe inkluzivnog sporta. Upravo u toj \u0161irini le\u017ei njegova snaga \u2013 jer sport tada postaje dru\u0161tvena vrednost, a ne samo rezultat na tabeli.<\/span><\/p>\n<p><span style=\"font-size: 14pt; color: #000000;\">Zbog toga titula evropske prestonice sporta nije samo priznanje Novom Sadu. Ona je priznanje jednoj ideji: da grad mo\u017ee da raste zajedno sa svojim ljudima, da sport mo\u017ee biti most izme\u0111u generacija i da energija zajednice mo\u017ee da stvori ne\u0161to \u0161to prevazilazi granice jednog grada.<\/span><\/p>\n<p><span style=\"font-size: 14pt; color: #000000;\">Jer grad koji ula\u017ee u sport \u2013 ula\u017ee u zdravlje, mladost i budu\u0107nost.<\/span><\/p>\n<p><span style=\"font-size: 14pt; color: #000000;\">I zato danas Novi Sad ne nosi samo titulu Evropskog grada sporta 2026.<\/span><\/p>\n<p><span style=\"font-size: 14pt; color: #000000;\">On nosi reputaciju grada koji zna kako se igra \u2013 i kako se pobe\u0111uje.<\/span><\/p>\n","protected":false},"excerpt":{"rendered":"<p>Postoje gradovi koji govore o sportu \u2013 i postoje gradovi koji sport zaista \u017eive. Novi Sad danas nesumnjivo pripada ovoj drugoj kategoriji. Titula Evropskog grada&hellip; <\/p>\n","protected":false},"author":1,"featured_media":6938,"comment_status":"closed","ping_status":"closed","sticky":false,"template":"","format":"standard","meta":{"_jetpack_memberships_contains_paid_content":false,"footnotes":"","jetpack_publicize_message":"","jetpack_publicize_feature_enabled":true,"jetpack_social_post_already_shared":true,"jetpack_social_options":{"image_generator_settings":{"template":"highway","default_image_id":0,"font":"","enabled":false},"version":2}},"categories":[8,18,20,19],"tags":[193],"class_list":["post-6937","post","type-post","status-publish","format-standard","has-post-thumbnail","hentry","category-drustvo","category-istaknuto","category-novi","category-sport","tag-dr-pavle-pocuc"],"jetpack_publicize_connections":[],"jetpack_featured_media_url":"https:\/\/vojvodjanske.rs\/wp-content\/uploads\/2026\/03\/sport-PavleP.jpg","jetpack_sharing_enabled":true,"_links":{"self":[{"href":"https:\/\/vojvodjanske.rs\/index.php?rest_route=\/wp\/v2\/posts\/6937","targetHints":{"allow":["GET"]}}],"collection":[{"href":"https:\/\/vojvodjanske.rs\/index.php?rest_route=\/wp\/v2\/posts"}],"about":[{"href":"https:\/\/vojvodjanske.rs\/index.php?rest_route=\/wp\/v2\/types\/post"}],"author":[{"embeddable":true,"href":"https:\/\/vojvodjanske.rs\/index.php?rest_route=\/wp\/v2\/users\/1"}],"replies":[{"embeddable":true,"href":"https:\/\/vojvodjanske.rs\/index.php?rest_route=%2Fwp%2Fv2%2Fcomments&post=6937"}],"version-history":[{"count":1,"href":"https:\/\/vojvodjanske.rs\/index.php?rest_route=\/wp\/v2\/posts\/6937\/revisions"}],"predecessor-version":[{"id":6939,"href":"https:\/\/vojvodjanske.rs\/index.php?rest_route=\/wp\/v2\/posts\/6937\/revisions\/6939"}],"wp:featuredmedia":[{"embeddable":true,"href":"https:\/\/vojvodjanske.rs\/index.php?rest_route=\/wp\/v2\/media\/6938"}],"wp:attachment":[{"href":"https:\/\/vojvodjanske.rs\/index.php?rest_route=%2Fwp%2Fv2%2Fmedia&parent=6937"}],"wp:term":[{"taxonomy":"category","embeddable":true,"href":"https:\/\/vojvodjanske.rs\/index.php?rest_route=%2Fwp%2Fv2%2Fcategories&post=6937"},{"taxonomy":"post_tag","embeddable":true,"href":"https:\/\/vojvodjanske.rs\/index.php?rest_route=%2Fwp%2Fv2%2Ftags&post=6937"}],"curies":[{"name":"wp","href":"https:\/\/api.w.org\/{rel}","templated":true}]}}