{"id":7772,"date":"2026-05-01T14:17:52","date_gmt":"2026-05-01T12:17:52","guid":{"rendered":"https:\/\/vojvodjanske.rs\/?p=7772"},"modified":"2026-05-01T14:17:52","modified_gmt":"2026-05-01T12:17:52","slug":"pre-136-godina-prvih-15-radnika-otislo-na-prvomajski-uranak-na-palic","status":"publish","type":"post","link":"https:\/\/vojvodjanske.rs\/?p=7772","title":{"rendered":"PRE 136 GODINA PRVIH 15 RADNIKA OTI\u0160LO NA PRVOMAJSKI URANAK NA PALI\u0106"},"content":{"rendered":"<p><span style=\"font-size: 14pt;color: #000000\">Obele\u017eavanje praznika rada pre\u017eivelo je monarhije, promene granice, dru\u0161tvenih sistema ali tokom ovog perioda i menjalo svoj karakter od buntovnog do zabavnog.<\/span><\/p>\n<p><span style=\"font-size: 14pt;color: #000000\">Carska policije Monarhije poku\u0161ala je da predupredi de\u0161avanja: ve\u0107 od polovine aprila \u0161alje dopise gradona\u010delnicima i lokalnim policijskim vlastima da postoji opasnost da 1.maja agitatori podbune radnike i da se nikako ne sme dozvoliti odr\u017eavanje bilo kakvih povorki, defila i uli\u010dnih demonstracija.<\/span><\/p>\n<p><span style=\"font-size: 14pt;color: #000000\">Godina je 1890. i to je prva godina nakon \u0161to je na kongresu Druge internacionalne u Parizu doneta odluka da se u znak se\u0107anja na protest i stradanja \u010dika\u0161kih radnika 1886. godine obele\u017ei 1. maj kao praznik rada istovremeno zahtevaju\u0107i bolje uslove. Lazar Mamu\u017ei\u0107, tada\u0161nji gradona\u010delnik Subotice, verovatno nije ni\u0161ta znao o odlukama pariske Internacionale, ali sve alarmantnije depe\u0161e ministra unutra\u0161njih poslova Ugarske nastavljaju da sti\u017eu iz Budimpe\u0161te. Svako novo upozorenje sve je o\u0161trije te se sti\u017ee i do re\u010denice da se \u201edozvoljena intervencija oru\u017eane sile mo\u017ee realizovati prema zahtevu mesnih administrativnih vlasti\u201c. A, sa druge strane, lokalne vlasti nemaju kome preneti ova nare\u0111enja jer ako i do\u0111e do okupljanja radnika, nema dovoljno policije da to spre\u010di. Zato se u Suboticu za 1. maj 1890. godine upu\u0107uju dve pe\u0161adijske i jedna konji\u010dka \u010deta, koje su sme\u0161tene u dvori\u0161tu dana\u0161njeg Narodnog pozori\u0161ta.<\/span><\/p>\n<p><span style=\"font-size: 14pt;color: #000000\">Brojne \u017eivopisne detalje prve proslave Praznika rada u Subotici zabele\u017eio je Kalman Petkovi\u0107 u knjizi \u201eBurna setva\u201c. Tako hroni\u010dar ka\u017ee kako su se tog \u010detvrtka 1. maja 1890. godine kod podvo\u017enjaka u centru grada okupilo 15 radnika, ve\u0107inom grafi\u010dara te da su obele\u017eeni crvenim zna\u010dkama i nose\u0107i transparente polako krenuli ka Pali\u0107u. Pratila ih je i ometala konjica, ipak ozbiljnijih izgreda nije bilo. Petkovi\u0107 nije zabele\u017eio imena ovih prvih radnika koji su bili za\u010detak i jezgro prvog obele\u017eavanja Praznika rada. Datuma \u010diji zna\u010daj \u0107e pre\u017eiveti monarhije, promene granica, dr\u017eavna ure\u0111enja i ekonomske sisteme.<\/span><\/p>\n<p><span style=\"font-size: 14pt;color: #000000\">\u201e<em>U obele\u017eavanje Prvog maja pre svega se najvi\u0161e uklju\u010duju grafi\u010dki radnici, ali ima i bezemlja\u0161a<\/em>\u201c ka\u017ee za \u201ePolitiku\u201c<strong> Dejan Mrki\u0107<\/strong> iz Istorijskog arhiva Subotice. Prema njegovim re\u010dima odjeci svetskih de\u0161avanja u radni\u010dkom pokretu zahvataju i Suboticu i njeno radni\u0161tvo koje 1. maj provodi u prirodi. Uglavnom u Dudovoj \u0161umi u centru Subotice ili drugim gradskim parkovima, ili na Pali\u0107u, koji je ipak slovio za mondensko izleti\u0161te. Hroni\u010dari bele\u017ee i proslavu iz 1895. godine kada je na prostoru oko fabrike \u201eZorka\u201c odr\u017ean skup koji je policija rasterala i uhapsila nekoliko u\u010desnika. Umesto da zastra\u0161i, mera je imala potpuno suprotan efekat. Oko tri hiljade radnika okupilo se oko Gradske ku\u0107e, pri\u010da Mrki\u0107 i tra\u017eilo pu\u0161tanje svojih kolega. Gradona\u010delnik Lazar Mamu\u017ei\u0107 nije imao izbora: u\u010desnici prvomajskog uranka pu\u0161teni su na slobodu i to je tuma\u010deno kao velika radni\u010dka pobeda. Mrki\u0107 navodi \u0161tampu iz tog vremena koja radnike, u\u010desnike obele\u017eavanja Prvog maja opisuje kao \u201esmutljivce lo\u0161ih namera\u201c, kao pojedince koji \u201ezalu\u0111uju radnike\u201c.<\/span><\/p>\n<p><span style=\"font-size: 14pt;color: #000000\">\u201e<em>Veliki prvomajski skup bio je 1928. godine u bioskopu \u201eLifka\u201c kada se okupilo oko tri hiljade ljudi. Nije bilo sukoba, ali izve\u0161taji govore o tenzijama<\/em>\u201c navodi <strong>Mrki\u0107<\/strong>. Sve vi\u0161e radnika koi praznuje Prvi maj ne iznena\u0111uje jer je me\u0111uratni period obele\u017een je brojnim \u0161trajkovima, stalnom borbom za bolje uslove rada. Kada je nakon Drugog svetskog rata na scenu stupilo socijalisti\u010dko dru\u0161tveno ure\u0111enje, deklarativno prestaje potreba za bolje uslvoe rada a sa njom i priroda praznika od buntovnog dobija slavljeni\u010dki, opu\u0161teni karakter.<\/span><\/p>\n<p><span style=\"font-size: 14pt;color: #000000\">Nakon \u0161to je jezero Pali\u0107, 1977. godine isu\u0161eno, pa ponovo napunjeno vodom, on postaje centralno mesto Prvomajskog uranka. Na njemu je za 1. maj 1983. godine preno\u0107ila i \u0161tafeta, a sredinom 80-tih ovde je bila i centralna vojvo\u0111anska proslava Praznika rada.<\/span><\/p>\n<p><span style=\"font-size: 14pt;color: #000000\">\u201e<em>Uz zabavni, opu\u0161taju\u0107i deo tada je Prvi maj imao i deo svog zvani\u010dnog programa, kada funkcioneri dr\u017ee govore i upu\u0107uju se odre\u0111ene poruke<\/em>\u201c navodi Mrki\u0107.<\/span><\/p>\n<p><span style=\"font-size: 14pt;color: #000000\">Praznovanje Prvog maja pre\u017eivelo je jo\u0161 jednu smenu dru\u0161tveno-politi\u010dkog sistema, kada smo se iz socijalizma vratili u kapitalizam .<\/span><\/p>\n<p><span style=\"font-size: 14pt;color: #000000\">\u201e<em>Tokom ovih 135 godina karakter proslave se zna\u010dajno menjao. Iako vi\u0161e ne \u017eivimo u socijalizmu, prvomajski uranak i zadr\u017eao je oblike zabave i opu\u0161tanja<\/em>\u201c ka\u017ee Mrki\u0107. Tako i danas omiljeni Prvomajski uranak na Pali\u0107u simboli\u0161e zabava oli\u010dena u gurmanlucima, va\u0161aru i luna parku.<\/span><\/p>\n<p><span style=\"font-size: 14pt;color: #000000\">Izvor: <a style=\"color: #000000\" href=\"https:\/\/www.subotica.info\/\">subotica.info<\/a><\/span><\/p>\n","protected":false},"excerpt":{"rendered":"<p>Obele\u017eavanje praznika rada pre\u017eivelo je monarhije, promene granice, dru\u0161tvenih sistema ali tokom ovog perioda i menjalo svoj karakter od buntovnog do zabavnog. Carska policije Monarhije&hellip; <\/p>\n","protected":false},"author":2,"featured_media":7773,"comment_status":"closed","ping_status":"closed","sticky":false,"template":"","format":"standard","meta":{"_jetpack_memberships_contains_paid_content":false,"footnotes":"","jetpack_publicize_message":"","jetpack_publicize_feature_enabled":true,"jetpack_social_post_already_shared":true,"jetpack_social_options":{"image_generator_settings":{"template":"highway","default_image_id":0,"font":"","enabled":false},"version":2}},"categories":[8],"tags":[379],"class_list":["post-7772","post","type-post","status-publish","format-standard","has-post-thumbnail","hentry","category-drustvo","tag-medjunarodni-praznik-rada"],"jetpack_publicize_connections":[],"jetpack_featured_media_url":"https:\/\/vojvodjanske.rs\/wp-content\/uploads\/2026\/05\/suinfo-praznik.jpg","jetpack_sharing_enabled":true,"_links":{"self":[{"href":"https:\/\/vojvodjanske.rs\/index.php?rest_route=\/wp\/v2\/posts\/7772","targetHints":{"allow":["GET"]}}],"collection":[{"href":"https:\/\/vojvodjanske.rs\/index.php?rest_route=\/wp\/v2\/posts"}],"about":[{"href":"https:\/\/vojvodjanske.rs\/index.php?rest_route=\/wp\/v2\/types\/post"}],"author":[{"embeddable":true,"href":"https:\/\/vojvodjanske.rs\/index.php?rest_route=\/wp\/v2\/users\/2"}],"replies":[{"embeddable":true,"href":"https:\/\/vojvodjanske.rs\/index.php?rest_route=%2Fwp%2Fv2%2Fcomments&post=7772"}],"version-history":[{"count":1,"href":"https:\/\/vojvodjanske.rs\/index.php?rest_route=\/wp\/v2\/posts\/7772\/revisions"}],"predecessor-version":[{"id":7774,"href":"https:\/\/vojvodjanske.rs\/index.php?rest_route=\/wp\/v2\/posts\/7772\/revisions\/7774"}],"wp:featuredmedia":[{"embeddable":true,"href":"https:\/\/vojvodjanske.rs\/index.php?rest_route=\/wp\/v2\/media\/7773"}],"wp:attachment":[{"href":"https:\/\/vojvodjanske.rs\/index.php?rest_route=%2Fwp%2Fv2%2Fmedia&parent=7772"}],"wp:term":[{"taxonomy":"category","embeddable":true,"href":"https:\/\/vojvodjanske.rs\/index.php?rest_route=%2Fwp%2Fv2%2Fcategories&post=7772"},{"taxonomy":"post_tag","embeddable":true,"href":"https:\/\/vojvodjanske.rs\/index.php?rest_route=%2Fwp%2Fv2%2Ftags&post=7772"}],"curies":[{"name":"wp","href":"https:\/\/api.w.org\/{rel}","templated":true}]}}